{"id":1544,"date":"2017-02-17T10:11:42","date_gmt":"2017-02-17T10:11:42","guid":{"rendered":"http:\/\/basicfactorysabadell.com\/?p=1544"},"modified":"2017-02-17T10:11:42","modified_gmt":"2017-02-17T10:11:42","slug":"carnaval-2017","status":"publish","type":"post","link":"https:\/\/basicfactory.es\/sabadell\/carnaval-2017\/","title":{"rendered":"CARNAVAL 2017!"},"content":{"rendered":"<p>Lleg\u00f3 carnaval y como siempre, estamos preparando una tarde de esas que s\u00f3lo nosotros sabemos hacer!<\/p>\n<p>Celebraremos el carnaval la tarde del 24 de febrero con actividades especiales, photocall para tus instant\u00e1neas y concurso de coreos y disfrazes. Forma un grupo de hasta 4 personas o individual y prepara tu coreo de zumba carnaval. Habr\u00e1 premios para las m\u00e1s originales y las m\u00e1s atrevidas. Vamos carnavaleros, sacaros la peluca y animaros a participar con nosotros!<\/p>\n<p>Recordamos que las clases del viernes por la tarde quedar\u00e1n anuladas por las masters de carnaval.<\/p>\n<p><a href=\"http:\/\/basicfactorysabadell.com\/wp-content\/uploads\/2017\/02\/carnaval-2017-BASICSABADELL.jpg\"><img loading=\"lazy\" decoding=\"async\" class=\"alignnone size-full wp-image-1545\" src=\"http:\/\/basicfactorysabadell.com\/wp-content\/uploads\/2017\/02\/carnaval-2017-BASICSABADELL.jpg\" alt=\"carnaval-2017-BASICSABADELL\" width=\"842\" height=\"1191\" srcset=\"https:\/\/basicfactory.es\/sabadell\/wp-content\/uploads\/2017\/02\/carnaval-2017-BASICSABADELL.jpg 842w, https:\/\/basicfactory.es\/sabadell\/wp-content\/uploads\/2017\/02\/carnaval-2017-BASICSABADELL-212x300.jpg 212w, https:\/\/basicfactory.es\/sabadell\/wp-content\/uploads\/2017\/02\/carnaval-2017-BASICSABADELL-768x1086.jpg 768w, https:\/\/basicfactory.es\/sabadell\/wp-content\/uploads\/2017\/02\/carnaval-2017-BASICSABADELL-724x1024.jpg 724w\" sizes=\"auto, (max-width: 842px) 100vw, 842px\" \/><\/a><\/p>\n<p>&nbsp;<\/p>\n","protected":false},"excerpt":{"rendered":"<p>Lleg\u00f3 carnaval y como siempre, estamos preparando una tarde de esas que s\u00f3lo nosotros sabemos hacer! Celebraremos el carnaval la tarde del 24 de febrero con actividades especiales, photocall para tus instant\u00e1neas y concurso de coreos y disfrazes. Forma un grupo de hasta 4 personas o individual y prepara tu coreo de zumba carnaval. Habr\u00e1 [&hellip;]<\/p>\n","protected":false},"author":4,"featured_media":1545,"comment_status":"closed","ping_status":"open","sticky":false,"template":"","format":"standard","meta":{"footnotes":""},"categories":[1],"tags":[],"class_list":["post-1544","post","type-post","status-publish","format-standard","has-post-thumbnail","hentry","category-general"],"aioseo_notices":[],"_links":{"self":[{"href":"https:\/\/basicfactory.es\/sabadell\/wp-json\/wp\/v2\/posts\/1544","targetHints":{"allow":["GET"]}}],"collection":[{"href":"https:\/\/basicfactory.es\/sabadell\/wp-json\/wp\/v2\/posts"}],"about":[{"href":"https:\/\/basicfactory.es\/sabadell\/wp-json\/wp\/v2\/types\/post"}],"author":[{"embeddable":true,"href":"https:\/\/basicfactory.es\/sabadell\/wp-json\/wp\/v2\/users\/4"}],"replies":[{"embeddable":true,"href":"https:\/\/basicfactory.es\/sabadell\/wp-json\/wp\/v2\/comments?post=1544"}],"version-history":[{"count":1,"href":"https:\/\/basicfactory.es\/sabadell\/wp-json\/wp\/v2\/posts\/1544\/revisions"}],"predecessor-version":[{"id":1546,"href":"https:\/\/basicfactory.es\/sabadell\/wp-json\/wp\/v2\/posts\/1544\/revisions\/1546"}],"wp:featuredmedia":[{"embeddable":true,"href":"https:\/\/basicfactory.es\/sabadell\/wp-json\/wp\/v2\/media\/1545"}],"wp:attachment":[{"href":"https:\/\/basicfactory.es\/sabadell\/wp-json\/wp\/v2\/media?parent=1544"}],"wp:term":[{"taxonomy":"category","embeddable":true,"href":"https:\/\/basicfactory.es\/sabadell\/wp-json\/wp\/v2\/categories?post=1544"},{"taxonomy":"post_tag","embeddable":true,"href":"https:\/\/basicfactory.es\/sabadell\/wp-json\/wp\/v2\/tags?post=1544"}],"curies":[{"name":"wp","href":"https:\/\/api.w.org\/{rel}","templated":true}]}}