{"id":460,"date":"2014-08-27T19:34:15","date_gmt":"2014-08-27T19:34:15","guid":{"rendered":"http:\/\/basicfactory.es\/sabadell\/?p=460"},"modified":"2014-08-27T19:34:15","modified_gmt":"2014-08-27T19:34:15","slug":"fecha-de-apertura","status":"publish","type":"post","link":"https:\/\/basicfactory.es\/sabadell\/fecha-de-apertura\/","title":{"rendered":"Fecha de apertura"},"content":{"rendered":"<p>\u00a1Hola a tod@s!<\/p>\n<p>Os comunicamos que finalmente, debido a motivos externos a nuestros esfuerzos para poner en marcha nuestras instalaciones de forma \u00f3ptima, nos vemos obligados a atrasar la fecha de apertura. Calculamos que tendr\u00e1 lugar entre el 10 y el 15 de septiembre. Cuando se acerque la fechas os informaremos de la fiesta de inauguraci\u00f3n a la que \u00a1no pod\u00e9is faltar!.<\/p>\n<p>\u00a1Gracias por acompa\u00f1arnos!<\/p>\n<p>(A aquellos que ya soys abonados se os descontar\u00e1 de la cuota del mes de octubre.)<\/p>\n","protected":false},"excerpt":{"rendered":"<p>\u00a1Hola a tod@s! Os comunicamos que finalmente, debido a motivos externos a nuestros esfuerzos para poner en marcha nuestras instalaciones de forma \u00f3ptima, nos vemos obligados a atrasar la fecha de apertura. Calculamos que tendr\u00e1 lugar entre el 10 y el 15 de septiembre. Cuando se acerque la fechas os informaremos de la fiesta de [&hellip;]<\/p>\n","protected":false},"author":4,"featured_media":0,"comment_status":"open","ping_status":"open","sticky":false,"template":"","format":"standard","meta":{"footnotes":""},"categories":[1],"tags":[],"class_list":["post-460","post","type-post","status-publish","format-standard","hentry","category-general"],"aioseo_notices":[],"_links":{"self":[{"href":"https:\/\/basicfactory.es\/sabadell\/wp-json\/wp\/v2\/posts\/460","targetHints":{"allow":["GET"]}}],"collection":[{"href":"https:\/\/basicfactory.es\/sabadell\/wp-json\/wp\/v2\/posts"}],"about":[{"href":"https:\/\/basicfactory.es\/sabadell\/wp-json\/wp\/v2\/types\/post"}],"author":[{"embeddable":true,"href":"https:\/\/basicfactory.es\/sabadell\/wp-json\/wp\/v2\/users\/4"}],"replies":[{"embeddable":true,"href":"https:\/\/basicfactory.es\/sabadell\/wp-json\/wp\/v2\/comments?post=460"}],"version-history":[{"count":1,"href":"https:\/\/basicfactory.es\/sabadell\/wp-json\/wp\/v2\/posts\/460\/revisions"}],"predecessor-version":[{"id":461,"href":"https:\/\/basicfactory.es\/sabadell\/wp-json\/wp\/v2\/posts\/460\/revisions\/461"}],"wp:attachment":[{"href":"https:\/\/basicfactory.es\/sabadell\/wp-json\/wp\/v2\/media?parent=460"}],"wp:term":[{"taxonomy":"category","embeddable":true,"href":"https:\/\/basicfactory.es\/sabadell\/wp-json\/wp\/v2\/categories?post=460"},{"taxonomy":"post_tag","embeddable":true,"href":"https:\/\/basicfactory.es\/sabadell\/wp-json\/wp\/v2\/tags?post=460"}],"curies":[{"name":"wp","href":"https:\/\/api.w.org\/{rel}","templated":true}]}}